{"id":40,"date":"2011-01-30T09:00:16","date_gmt":"2011-01-30T08:00:16","guid":{"rendered":"http:\/\/www.pensionmlyn.eu\/?p=40"},"modified":"2017-02-27T23:44:00","modified_gmt":"2017-02-27T22:44:00","slug":"na-kole","status":"publish","type":"post","link":"https:\/\/www.pensionmlyn.eu\/en\/na-kole\/","title":{"rendered":"Na kole"},"content":{"rendered":"<h3>Velkopavlovick\u00e1 vina\u0159sk\u00e1 stezka<\/h3>\n<p><a href=\"https:\/\/www.pensionmlyn.eu\/wp-content\/uploads\/2011\/01\/Velke_Bilovice_032.jpg\"><img loading=\"lazy\" decoding=\"async\" class=\"size-medium wp-image-39 alignleft\" title=\"Kope\u010dek s kapli\u010dkou nad Velk\u00fdmi B\u00edlovicemi\" src=\"https:\/\/www.pensionmlyn.eu\/wp-content\/uploads\/2011\/01\/Velke_Bilovice_032-300x180.jpg\" alt=\"Kope\u010dek s kapli\u010dkou nad Velk\u00fdmi B\u00edlovicemi\" width=\"180\" height=\"108\" \/><\/a>Na obr\u00e1zku vid\u00edte pohled p\u0159es vinohrady na kapli\u010dku na vr\u0161ku Hradi\u0161\u0165ku. Kapli\u010dka stoj\u00ed na kopci uprost\u0159ed vinic, kde byla v roce 2002 zasv\u011bcena sv. Cyrilovi, sv. Metod\u011bjovi, sv. V\u00e1clavovi a patronovi vina\u0159stv\u00ed sv. Urbanovi.<br \/>\nHradi\u0161t\u011bk s kapli\u010dkou si ur\u010dit\u011b nenechte uj\u00edt proto\u017ee je odsud kr\u00e1sn\u00fd v\u00fdhled a\u017e k P\u00e1lav\u011b a B\u00edl\u00fdm Karpat\u016fm. Toto m\u00edsto je obl\u00edbenou zast\u00e1vkou na velkopavlovick\u00e9 vina\u0159sk\u00e9 stezce.<\/p>\n<p><strong>Hustope\u010de<\/strong> &#8211; V tomto vina\u0159sk\u00e9m m\u011bst\u011b muzeme vid\u011bt modern\u00ed kostel sv. V\u00e1clava a sv. Ane\u017eky \u010cesk\u00e9 z roku 1994 a z dal\u0161\u00edch pam\u00e1tek ba\u0161tu s \u010dast\u00ed hradebn\u00ed zdi m\u011bstsk\u00e9ho opevn\u011bn\u00ed ze 16. &#8211; 17. stolet\u00ed, v j\u00e1dru renesan\u010dn\u00ed domyze 16. stol. aj. Na K\u0159\u00ed\u017eov\u00e9m vrchu dominantn\u00ed novorom\u00e1nsk\u00e1 kaple sv. Rocha z r. 1901, modern\u00ed aquapark s tobog\u00e1nem m\u011bstsk\u00e9 muzeum a galerie.<\/p>\n<p><strong>Doln\u00ed (Novoml\u00fdnsk\u00e1) n\u00e1dr\u017e<\/strong> &#8211; Nejv\u011bt\u0161\u00ed ze t\u0159\u00ed Novoml\u00fdnsk\u00fdch n\u00e1dr\u017e\u00ed, vybudovan\u00fdch na Dyji v letech 1975-1988. Slou\u017e\u00ed k z\u00e1vlah\u00e1m, rekreaci a v\u00fdrob\u011b elekt\u0159iny.<\/p>\n<p><strong>Rakvice<\/strong> &#8211; V r\u00e1mci cyklistick\u00fdch tras se turista m\u016f\u017ee projet kolem rybn\u00edku, mok\u0159ad\u016f, luk, lu\u017en\u00edch les\u016f a\u017e do Lednice. Vina\u0159sk\u00e1 stezka z Rakvic do P\u0159\u00edtluk a Zaje\u010d\u00ed sm\u011brem k Novoml\u00fdnsk\u00e9 n\u00e1dr\u017ei je spojena s mo\u017enost\u00ed nav\u0161t\u00edvit ve vinn\u00e9m skl\u00edpku i m\u00edstn\u00ed vina\u0159e. V p\u0159\u00edrod\u011b je mo\u017eno nav\u0161t\u00edvit chr\u00e1n\u011bn\u011b jez\u00edrko Kutnar, obelisk Facka a Kv\u011btn\u00e9 jezero.<\/p>\n<p><strong>J\u00e1n\u016fv hrad<\/strong> &#8211; Romantick\u00e1 \u201eum\u011bl\u00e1 z\u0159\u00edcenina&#8221;.<\/p>\n<p><strong>Podiv\u00edn<\/strong> &#8211; Kdy\u017e p\u0159ij\u00ed\u017ed\u00edme do m\u011bsta, m\u016f\u017eeme z kter\u00e9hokoli sm\u011bru vid\u011bt mohutnou v\u011b\u017e kostela sv. Petra a Pavla.<\/p>\n<p><strong>Velk\u00e9 B\u00edlovice<\/strong> &#8211; V obci m\u016f\u017eeme nav\u0161t\u00edvit muzeum, kter\u00e9 p\u0159ibli\u017euje historii obce sb\u00edrkami, je zde st\u00e1l\u00e1 expozice kroj\u016f a zem\u011bd\u011blsk\u00e9ho n\u00e1\u0159ad\u00ed. a tak\u00e9 archeologick\u00e9 vykop\u00e1vky. Krasn\u00e1 asfaltov\u00e1 cyklotrasa n\u00e1s povede p\u0159\u00edjemnou krajinkou os\u00e1zenou vinohradem.<\/p>\n<p><strong>Vrbice<\/strong> &#8211; Jednou z nejv\u011bt\u0161\u00edch zaj\u00edmavost\u00ed na Vrbici, jsou vinn\u00e9 sklepy, kter\u00e9 stoj\u00ed a\u017e v sedmi patrech nad sebou. Nejsou to sklepy honosn\u00e9 ani barvami, ani velikost\u00ed, ale kamenn\u00e9 s goticky lomen\u00fdmi oblouky na vstupu. U\u017e z dalek\u00e9ho okol\u00ed je vid\u011bt kostel sv. Jilj\u00ed.<\/p>\n<p><strong>Brumovlce<\/strong> &#8211; Rodi\u0161t\u011b spisovatele Jana Herbena (1857 &#8211; 1936), na rodn\u00e9m dom\u011b \u010dp. 176 je pam\u011btn\u00ed deska z r. 1937. D\u011bji\u0161t\u011b Herbenova rom\u00e1nu Do t\u0159et\u00edho a \u010dtvrt\u00e9ho pokolen\u00ed. Severn\u011b od vsi v trati Brumovick\u00e9 \u00falehle st\u00e1vala st\u0159edov\u011bk\u00e1 ves Divice, zanikl\u00e1 v 15. sto., archeologov\u00e9 odkryli stopy tvrze a z\u00e1klady dvou kostel\u016f z 13. a po\u010d\u00e1tku 14. stol.<\/p>\n","protected":false},"excerpt":{"rendered":"<p>Velkopavlovick\u00e1 vina\u0159sk\u00e1 stezka Na obr\u00e1zku vid\u00edte pohled p\u0159es vinohrady na kapli\u010dku na vr\u0161ku Hradi\u0161\u0165ku. Kapli\u010dka stoj\u00ed na kopci uprost\u0159ed vinic, kde byla v roce 2002 zasv\u011bcena<span class=\"excerpt-hellip\"> [\u2026]<\/span><\/p>\n","protected":false},"author":1,"featured_media":306,"comment_status":"closed","ping_status":"closed","sticky":false,"template":"","format":"standard","meta":{"footnotes":""},"categories":[3],"tags":[],"class_list":["post-40","post","type-post","status-publish","format-standard","has-post-thumbnail","hentry","category-kam-na-vylet"],"_links":{"self":[{"href":"https:\/\/www.pensionmlyn.eu\/en\/wp-json\/wp\/v2\/posts\/40","targetHints":{"allow":["GET"]}}],"collection":[{"href":"https:\/\/www.pensionmlyn.eu\/en\/wp-json\/wp\/v2\/posts"}],"about":[{"href":"https:\/\/www.pensionmlyn.eu\/en\/wp-json\/wp\/v2\/types\/post"}],"author":[{"embeddable":true,"href":"https:\/\/www.pensionmlyn.eu\/en\/wp-json\/wp\/v2\/users\/1"}],"replies":[{"embeddable":true,"href":"https:\/\/www.pensionmlyn.eu\/en\/wp-json\/wp\/v2\/comments?post=40"}],"version-history":[{"count":2,"href":"https:\/\/www.pensionmlyn.eu\/en\/wp-json\/wp\/v2\/posts\/40\/revisions"}],"predecessor-version":[{"id":322,"href":"https:\/\/www.pensionmlyn.eu\/en\/wp-json\/wp\/v2\/posts\/40\/revisions\/322"}],"wp:featuredmedia":[{"embeddable":true,"href":"https:\/\/www.pensionmlyn.eu\/en\/wp-json\/wp\/v2\/media\/306"}],"wp:attachment":[{"href":"https:\/\/www.pensionmlyn.eu\/en\/wp-json\/wp\/v2\/media?parent=40"}],"wp:term":[{"taxonomy":"category","embeddable":true,"href":"https:\/\/www.pensionmlyn.eu\/en\/wp-json\/wp\/v2\/categories?post=40"},{"taxonomy":"post_tag","embeddable":true,"href":"https:\/\/www.pensionmlyn.eu\/en\/wp-json\/wp\/v2\/tags?post=40"}],"curies":[{"name":"wp","href":"https:\/\/api.w.org\/{rel}","templated":true}]}}