{"id":1202,"date":"2011-07-12T09:01:26","date_gmt":"2011-07-12T07:01:26","guid":{"rendered":"http:\/\/www.pensionmlyn.eu\/za-vinarem-do-velkych-bilovic\/"},"modified":"2017-03-11T18:46:08","modified_gmt":"2017-03-11T17:46:08","slug":"za-vinarem-do-velkych-bilovic","status":"publish","type":"post","link":"https:\/\/www.pensionmlyn.eu\/en\/za-vinarem-do-velkych-bilovic\/","title":{"rendered":"Za vina\u0159em do Velk\u00fdch B\u00edlovic"},"content":{"rendered":"<p style=\"text-align: center;\"><img loading=\"lazy\" decoding=\"async\" class=\"aligncenter size-full wp-image-134\" title=\"Za vina\u0159em do Velk\u00fdch B\u00edlovic\" src=\"https:\/\/www.pensionmlyn.eu\/wp-content\/uploads\/2011\/07\/Za-vinarem-do-Velkych-Bilovic.jpg\" alt=\"\" width=\"575\" height=\"276\" \/><\/p>\n<p>Vina\u0159sk\u00e1 akce, kter\u00e1 za\u010dala 28. dubna a kon\u010d\u00ed 7. z\u00e1\u0159\u00ed 2011. Po dobu 19. t\u00fddn\u016f postupn\u011b otev\u0159ou sv\u00e9 dve\u0159e 54. vina\u0159stv\u00ed. Ka\u017ed\u00fd t\u00fdden 3 vina\u0159stv\u00ed, od \u010dtvrtka do st\u0159edy, v\u017edy od 13:00 \u2013 19:00 hod.<\/p>\n<p style=\"text-align: center;\"><img loading=\"lazy\" decoding=\"async\" class=\"aligncenter size-full wp-image-133\" title=\"Za vina\u0159em do Velk\u00fdch B\u00edlovic\" src=\"https:\/\/www.pensionmlyn.eu\/wp-content\/uploads\/2011\/07\/Za-vinarem-do-Velkych-Bilovic-02.jpg\" alt=\"\" width=\"536\" height=\"250\" \/><\/p>\n","protected":false},"excerpt":{"rendered":"<p>Vina\u0159sk\u00e1 akce, kter\u00e1 za\u010dala 28. dubna a kon\u010d\u00ed 7. z\u00e1\u0159\u00ed 2011. Po dobu 19. t\u00fddn\u016f postupn\u011b otev\u0159ou sv\u00e9 dve\u0159e 54. vina\u0159stv\u00ed. Ka\u017ed\u00fd t\u00fdden 3 vina\u0159stv\u00ed, od<span class=\"excerpt-hellip\"> [\u2026]<\/span><\/p>\n","protected":false},"author":1,"featured_media":313,"comment_status":"closed","ping_status":"closed","sticky":false,"template":"","format":"standard","meta":{"footnotes":""},"categories":[27],"tags":[],"class_list":["post-1202","post","type-post","status-publish","format-standard","has-post-thumbnail","hentry","category-kam-na-vylet-en"],"_links":{"self":[{"href":"https:\/\/www.pensionmlyn.eu\/en\/wp-json\/wp\/v2\/posts\/1202","targetHints":{"allow":["GET"]}}],"collection":[{"href":"https:\/\/www.pensionmlyn.eu\/en\/wp-json\/wp\/v2\/posts"}],"about":[{"href":"https:\/\/www.pensionmlyn.eu\/en\/wp-json\/wp\/v2\/types\/post"}],"author":[{"embeddable":true,"href":"https:\/\/www.pensionmlyn.eu\/en\/wp-json\/wp\/v2\/users\/1"}],"replies":[{"embeddable":true,"href":"https:\/\/www.pensionmlyn.eu\/en\/wp-json\/wp\/v2\/comments?post=1202"}],"version-history":[{"count":1,"href":"https:\/\/www.pensionmlyn.eu\/en\/wp-json\/wp\/v2\/posts\/1202\/revisions"}],"predecessor-version":[{"id":1212,"href":"https:\/\/www.pensionmlyn.eu\/en\/wp-json\/wp\/v2\/posts\/1202\/revisions\/1212"}],"wp:featuredmedia":[{"embeddable":true,"href":"https:\/\/www.pensionmlyn.eu\/en\/wp-json\/wp\/v2\/media\/313"}],"wp:attachment":[{"href":"https:\/\/www.pensionmlyn.eu\/en\/wp-json\/wp\/v2\/media?parent=1202"}],"wp:term":[{"taxonomy":"category","embeddable":true,"href":"https:\/\/www.pensionmlyn.eu\/en\/wp-json\/wp\/v2\/categories?post=1202"},{"taxonomy":"post_tag","embeddable":true,"href":"https:\/\/www.pensionmlyn.eu\/en\/wp-json\/wp\/v2\/tags?post=1202"}],"curies":[{"name":"wp","href":"https:\/\/api.w.org\/{rel}","templated":true}]}}